{"id":2880,"date":"2026-04-07T16:40:48","date_gmt":"2026-04-07T14:40:48","guid":{"rendered":"https:\/\/secudura.com\/?p=2880"},"modified":"2026-04-07T16:41:08","modified_gmt":"2026-04-07T14:41:08","slug":"tout-ce-que-vous-voyez-dans-ik-vertrek-est-vrai","status":"publish","type":"post","link":"https:\/\/secudura.com\/fr\/blog\/tout-ce-que-vous-voyez-dans-ik-vertrek-est-vrai\/","title":{"rendered":"Les \u00e9quipements de protection individuelle : b\u00e9n\u00e9diction ou mal\u00e9diction ?"},"content":{"rendered":"\n<p><strong><strong>Commen\u00e7ons par le d\u00e9but<\/strong><\/strong>:<\/p>\n\n<p>Nous avons d\u00e9couvert qu&rsquo;avec des gants, des protections, un harnais, un masque, des chaussures de s\u00e9curit\u00e9 et diverses exigences en mati\u00e8re de v\u00eatements, le travail est plus s\u00fbr.  <\/p>\n\n<p><strong>Je reconnais que ce n&rsquo;est souvent pas le cas.  <\/strong><\/p>\n\n<p>Je d\u00e9teste les gants et ne les utilise que lorsqu&rsquo;il n&rsquo;y a vraiment pas d&rsquo;autre solution. Nous avons \u00e9t\u00e9 dot\u00e9s de sens, comme le sens du toucher, qui ne peuvent pas fonctionner correctement avec des gants. Vous sentez moins votre pi\u00e8ce et les conditions, et donc votre sensibilit\u00e9 \u00e0 reconna\u00eetre le danger.  <\/p>\n\n<div class=\"wp-block-uagb-container uagb-block-b6898b6a alignfull uagb-is-root-container\"><div class=\"uagb-container-inner-blocks-wrap\">\n<div class=\"wp-block-uagb-container uagb-block-061e8a08\">\n<p>C&rsquo;est difficile \u00e0 expliquer, mais vous devez pouvoir sentir ce que vous faites. Tout comme vous avez besoin de vos yeux lorsque vous travaillez et que des lunettes peuvent vous g\u00eaner, il en va de m\u00eame pour les gants.   <\/p>\n\n\n\n<p>J&rsquo;ai bri\u00e8vement mentionn\u00e9 le harnais dans le deuxi\u00e8me article du blog : le danger de devoir d\u00e9crocher la ligne et de la rattacher ailleurs lorsque l&rsquo;on travaille \u00e0 des hauteurs qui mettent la vie en danger.  <\/p>\n<\/div>\n\n\n\n<div class=\"wp-block-uagb-container uagb-block-34ad8159\">\n<figure class=\"wp-block-image size-large has-custom-border\"><img decoding=\"async\" width=\"1024\" height=\"768\" src=\"https:\/\/secudura.com\/wp-content\/uploads\/2026\/04\/IMG_9585-1024x768.webp\" alt=\"Un homme travaille avec une b&#xE9;tonni&#xE8;re en France\" class=\"wp-image-2883\" style=\"border-top-left-radius:30px;border-top-right-radius:30px;border-bottom-left-radius:30px;border-bottom-right-radius:30px\" srcset=\"https:\/\/secudura.com\/wp-content\/uploads\/2026\/04\/IMG_9585-1024x768.webp 1024w, https:\/\/secudura.com\/wp-content\/uploads\/2026\/04\/IMG_9585-300x225.webp 300w, https:\/\/secudura.com\/wp-content\/uploads\/2026\/04\/IMG_9585-768x576.webp 768w, https:\/\/secudura.com\/wp-content\/uploads\/2026\/04\/IMG_9585.webp 1200w\" sizes=\"(max-width: 1024px) 100vw, 1024px\" \/><\/figure>\n<\/div>\n<\/div><\/div>\n\n<p>Ou la situation d&rsquo;hier : je portais mes fantastiques bottes de s\u00e9curit\u00e9 rembourr\u00e9es (je suis s\u00e9rieuse, elles sont vraiment g\u00e9niales), et une poutre est bien s\u00fbr tomb\u00e9e non pas sur l&#8217;embout en acier&#8230; mais sur mon cou-de-pied. Ce qui m&rsquo;a valu un petit bleu.   <\/p>\n\n<div class=\"wp-block-uagb-advanced-heading uagb-block-9f25b67c\"><h2 class=\"uagb-heading-text\"><strong><strong>Quand est-ce vraiment n\u00e9cessaire ?<\/strong><\/strong><\/h2><\/div>\n\n<p>Les \u00e9quipements de protection individuelle peuvent \u00eatre tr\u00e8s utiles et pr\u00e9cieux, mais en sachant qu&rsquo;ils apportent r\u00e9ellement quelque chose et que, sans eux, vous courez un risque.  <\/p>\n\n<p>Lorsque je travaille avec des mati\u00e8res dangereuses, un bon gant est vraiment n\u00e9cessaire.  <\/p>\n\n<p>Lorsque je fais des travaux de meulage ou de per\u00e7age, les lunettes de s\u00e9curit\u00e9 sont tr\u00e8s utiles.  <\/p>\n\n<p>Encore faut-il que ces lunettes offrent une bonne vision, ce qui n&rsquo;est malheureusement pas toujours le cas.  <\/p>\n\n<p>Mais portez des gants pour tout ou utilisez un couteau de s\u00e9curit\u00e9 ? Franchement, je pr\u00e9f\u00e8re un bon couteau bien aiguis\u00e9. Pour que ce que je coupe soit bien coup\u00e9, comme dans la cuisine. Car rien n&rsquo;est plus dangereux qu&rsquo;un couteau \u00e9mouss\u00e9&#8230;..   <\/p>\n\n<div class=\"wp-block-uagb-advanced-heading uagb-block-9594bbf1\"><h2 class=\"uagb-heading-text\"><strong><strong>Outils \u00e0 main avec protection ?  <\/strong><\/strong><\/h2><\/div>\n\n<p>Mon p\u00e8re, qui a presque 80 ans, ne cesse de r\u00e9p\u00e9ter qu&rsquo;un bouclier &#8211; sur une meuleuse, par exemple &#8211; est dangereux. En effet, il faut pouvoir voir ce que l&rsquo;on fait, ce qui n&rsquo;est souvent pas possible avec un tel capot. Il affirme \u00e9galement qu&rsquo;il faut garder les yeux sur le danger et \u00eatre conscient qu&rsquo;il est dangereux. Et qu&rsquo;une fois que vous pensez qu&rsquo;il n&rsquo;y a pas de danger, vous risquez de ne plus \u00eatre aussi attentif.     <\/p>\n\n<p>Je ne suis pas forc\u00e9ment d&rsquo;accord avec cela, mais je comprends l&rsquo;id\u00e9e. Car, comme je l&rsquo;ai dit plus haut, un bouclier mal fait peut aussi rendre la situation encore plus dangereuse. Il n&rsquo;est vraiment pas agr\u00e9able que le capot tombe pendant que vous broyez, et malheureusement, c&rsquo;est ce qui arrive.    <\/p>\n\n<figure class=\"wp-block-image size-full has-custom-border\"><img decoding=\"async\" width=\"1000\" height=\"750\" src=\"https:\/\/secudura.com\/wp-content\/uploads\/2026\/04\/WhatsApp-Image-2025-11-13-at-08.26.40-5.webp\" alt=\"Trois hommes scient du bois en France\" class=\"wp-image-2884\" style=\"border-top-left-radius:30px;border-top-right-radius:30px;border-bottom-left-radius:30px;border-bottom-right-radius:30px\" srcset=\"https:\/\/secudura.com\/wp-content\/uploads\/2026\/04\/WhatsApp-Image-2025-11-13-at-08.26.40-5.webp 1000w, https:\/\/secudura.com\/wp-content\/uploads\/2026\/04\/WhatsApp-Image-2025-11-13-at-08.26.40-5-300x225.webp 300w, https:\/\/secudura.com\/wp-content\/uploads\/2026\/04\/WhatsApp-Image-2025-11-13-at-08.26.40-5-768x576.webp 768w\" sizes=\"(max-width: 1000px) 100vw, 1000px\" \/><\/figure>\n\n<div class=\"wp-block-uagb-advanced-heading uagb-block-2702c1cf\"><h2 class=\"uagb-heading-text\"><strong><strong>Spiekers Trekk&rsquo;n<\/strong><\/strong><\/h2><\/div>\n\n<p>Ce sur quoi mon p\u00e8re insiste (dr\u00f4le de jeu de mots), c&rsquo;est qu&rsquo;il ne faut pas laisser les vieux clous et les vieilles vis dans les planches et les poutres. Il faut toujours les arracher, ou les meuler si n\u00e9cessaire, car <em>\u00ab\u00a0arracher les pointes\u00a0\u00bb<\/em> n&rsquo;est pas aussi facile que vous le pensez.   <\/p>\n\n<p>C&rsquo;est vraiment tr\u00e8s ennuyeux d&rsquo;appuyer la paume de sa main sur un clou rouill\u00e9. Et cela arrive m\u00eame si vous faites tr\u00e8s attention.   <\/p>\n\n<p>Il insiste \u00e9galement pour que votre lieu de travail soit bien rang\u00e9 et organis\u00e9. Logique, bien s\u00fbr. Mais le rangement n&rsquo;est pas quelque chose qui me donne beaucoup d&rsquo;\u00e9nergie. Et pourtant, le fait que tout le bazar soit sur le c\u00f4t\u00e9 m&rsquo;aide beaucoup (n&rsquo;exag\u00e9rez pas).     <\/p>\n\n<figure class=\"wp-block-image aligncenter size-full has-custom-border\"><img decoding=\"async\" width=\"1000\" height=\"750\" src=\"https:\/\/secudura.com\/wp-content\/uploads\/2026\/04\/IMG_9141.webp\" alt=\"Contremarche en bois autour de la maison fran&#xE7;aise\" class=\"wp-image-2885\" style=\"border-top-left-radius:30px;border-top-right-radius:30px;border-bottom-left-radius:30px;border-bottom-right-radius:30px\" srcset=\"https:\/\/secudura.com\/wp-content\/uploads\/2026\/04\/IMG_9141.webp 1000w, https:\/\/secudura.com\/wp-content\/uploads\/2026\/04\/IMG_9141-300x225.webp 300w, https:\/\/secudura.com\/wp-content\/uploads\/2026\/04\/IMG_9141-768x576.webp 768w\" sizes=\"(max-width: 1000px) 100vw, 1000px\" \/><\/figure>\n\n<div class=\"wp-block-uagb-advanced-heading uagb-block-d18b416b\"><h2 class=\"uagb-heading-text\"><strong><strong><strong>Que puis-je faire ?  <\/strong><\/strong><\/strong><\/h2><\/div>\n\n<p>Avec une trentaine d&rsquo;ann\u00e9es d&rsquo;exp\u00e9rience dans ma profession, HSE : Health, Safety &amp; Environment (sant\u00e9, s\u00e9curit\u00e9 et environnement), j&rsquo;en sais quelque chose. Mais j&rsquo;ai pu constater par moi-m\u00eame \u00e0 quel point il est difficile de :   <\/p>\n\n<ul class=\"wp-block-list\">\n<li>soyez conscient des dangers.<\/li>\n\n\n\n<li>travailler eux-m\u00eames en toute s\u00e9curit\u00e9.  <\/li>\n\n\n\n<li>permettre aux autres de travailler en toute s\u00e9curit\u00e9.  <\/li>\n\n\n\n<li>et faire des choix durables.  <\/li>\n<\/ul>\n\n<p>Et cela me donne envie de faire mieux en tant que responsable HSE. Alors, que puis-je faire pour aider les PME dans ce domaine ? <\/p>\n\n<ul class=\"wp-block-list\">\n<li>veulent et doivent se concentrer sur leur travail<\/li>\n\n\n\n<li>particuli\u00e8rement occup\u00e9s \u00e0 obtenir le prochain emploi  <\/li>\n\n\n\n<li>doivent s&rsquo;am\u00e9liorer continuellement dans leur m\u00e9tier<\/li>\n\n\n\n<li>n&rsquo;ont pas les moyens de mettre en place une organisation HSE<\/li>\n\n\n\n<li>doivent se conformer \u00e0 toutes les lois et r\u00e9glementations<\/li>\n\n\n\n<li>de pr\u00e9f\u00e9rence, nous voulons aussi am\u00e9liorer les conditions de travail des citoyens<\/li>\n\n\n\n<li>et souhaitent \u00e9galement faire des choix plus durables, tant pour leurs investissements futurs que pour les mat\u00e9riaux qu&rsquo;ils utilisent.  <\/li>\n<\/ul>\n\n<figure class=\"wp-block-image aligncenter size-full has-custom-border\"><img decoding=\"async\" width=\"1000\" height=\"750\" src=\"https:\/\/secudura.com\/wp-content\/uploads\/2026\/04\/20231206_104427-1536x1152-1.webp\" alt=\"Le toit est suspendu au-dessus d'une maison fran&#xE7;aise\" class=\"wp-image-2886\" style=\"border-top-left-radius:30px;border-top-right-radius:30px;border-bottom-left-radius:30px;border-bottom-right-radius:30px\" srcset=\"https:\/\/secudura.com\/wp-content\/uploads\/2026\/04\/20231206_104427-1536x1152-1.webp 1000w, https:\/\/secudura.com\/wp-content\/uploads\/2026\/04\/20231206_104427-1536x1152-1-300x225.webp 300w, https:\/\/secudura.com\/wp-content\/uploads\/2026\/04\/20231206_104427-1536x1152-1-768x576.webp 768w\" sizes=\"(max-width: 1000px) 100vw, 1000px\" \/><\/figure>\n\n<div class=\"wp-block-uagb-advanced-heading uagb-block-e20bba64\"><h2 class=\"uagb-heading-text\"><strong><strong><strong><strong>Le faire ensemble<\/strong><\/strong><\/strong><\/strong><\/h2><\/div>\n\n<p>Tout ceci m&rsquo;am\u00e8ne \u00e0 la proposition suivante :<\/p>\n\n<p><em>La meilleure solution consiste \u00e0 d\u00e9terminer les \u00e9quipements de s\u00e9curit\u00e9 ensemble, avec la personne qui effectue le travail.<\/em><\/p>\n\n<p>En tant qu&rsquo;expert en s\u00e9curit\u00e9, soyez celui qui sait ce qui peut \u00eatre fait, ce qui doit \u00eatre fait conform\u00e9ment \u00e0 la loi, et proposez du mat\u00e9riel d&rsquo;essai pour \u00e9tudier ce qui fonctionne et ce qui ne fonctionne pas.  <\/p>\n\n<p>L&rsquo;homme ou la femme qui effectue le travail sait tr\u00e8s bien ce qui est pratique et n\u00e9cessaire pour bien faire ce travail sp\u00e9cifique. Et surtout ce qui ne contribue pas \u00e0 rendre le travail plus s\u00fbr ou meilleur. C&rsquo;est pourquoi le choix de l&rsquo;\u00e9quipement de protection individuelle appropri\u00e9 est une action conjointe.  <\/p>\n\n<p>En tant que responsable HSE, respectez les professionnels, qui essaient souvent de faire leur travail le mieux possible dans des circonstances difficiles (comme un expert en s\u00e9curit\u00e9 qui se tient \u00e0 l&rsquo;\u00e9cart en criant quelque chose, ou pire : en imposant des r\u00e8gles de s\u00e9curit\u00e9). Et ils sont g\u00e9n\u00e9ralement tr\u00e8s bons dans ce domaine. <\/p>\n\n<p>C&rsquo;est ainsi que j&rsquo;aborde chaque jour mon travail chez SecuDura : en organisant la SSE de mani\u00e8re \u00e0 ce qu&rsquo;elle soutienne plut\u00f4t qu&rsquo;elle n&rsquo;alourdisse. En le faisant ensemble, de personne \u00e0 personne.   <\/p>\n\n<figure class=\"wp-block-image aligncenter size-full has-custom-border\"><img decoding=\"async\" width=\"2000\" height=\"1024\" src=\"https:\/\/secudura.com\/wp-content\/uploads\/2026\/02\/DSCF1542-bijgesnedenn.webp\" alt=\"Joop Salomons\" class=\"wp-image-2821\" style=\"border-top-left-radius:30px;border-top-right-radius:30px;border-bottom-left-radius:30px;border-bottom-right-radius:30px\" srcset=\"https:\/\/secudura.com\/wp-content\/uploads\/2026\/02\/DSCF1542-bijgesnedenn.webp 2000w, https:\/\/secudura.com\/wp-content\/uploads\/2026\/02\/DSCF1542-bijgesnedenn-300x154.webp 300w, https:\/\/secudura.com\/wp-content\/uploads\/2026\/02\/DSCF1542-bijgesnedenn-1024x524.webp 1024w, https:\/\/secudura.com\/wp-content\/uploads\/2026\/02\/DSCF1542-bijgesnedenn-768x393.webp 768w, https:\/\/secudura.com\/wp-content\/uploads\/2026\/02\/DSCF1542-bijgesnedenn-1536x786.webp 1536w\" sizes=\"(max-width: 2000px) 100vw, 2000px\" \/><\/figure>\n\n<div class=\"wp-block-buttons is-layout-flex wp-block-buttons-is-layout-flex\">\n<div class=\"wp-block-button\"><a class=\"wp-block-button__link wp-element-button\" href=\"https:\/\/secudura.com\/fr\/secudura-4\/\">Prenez contact avec nous<\/a><\/div>\n<\/div>\n\n<p><\/p>\n","protected":false},"excerpt":{"rendered":"<p>Commen\u00e7ons par le d\u00e9but: Nous avons d\u00e9couvert qu&rsquo;avec des gants, des protections, un harnais, un masque, des chaussures de s\u00e9curit\u00e9 et diverses exigences en mati\u00e8re de v\u00eatements, le travail est plus s\u00fbr. Je reconnais que ce n&rsquo;est souvent pas le cas. Je d\u00e9teste les gants et ne les utilise que lorsqu&rsquo;il n&rsquo;y a vraiment pas [&hellip;]<\/p>\n","protected":false},"author":3,"featured_media":2890,"comment_status":"closed","ping_status":"closed","sticky":false,"template":"","format":"standard","meta":{"_uag_custom_page_level_css":"","site-sidebar-layout":"default","site-content-layout":"","ast-site-content-layout":"default","site-content-style":"default","site-sidebar-style":"default","ast-global-header-display":"","ast-banner-title-visibility":"","ast-main-header-display":"","ast-hfb-above-header-display":"","ast-hfb-below-header-display":"","ast-hfb-mobile-header-display":"","site-post-title":"","ast-breadcrumbs-content":"","ast-featured-img":"","footer-sml-layout":"","ast-disable-related-posts":"","theme-transparent-header-meta":"","adv-header-id-meta":"","stick-header-meta":"","header-above-stick-meta":"","header-main-stick-meta":"","header-below-stick-meta":"","astra-migrate-meta-layouts":"default","ast-page-background-enabled":"default","ast-page-background-meta":{"desktop":{"background-color":"var(--ast-global-color-4)","background-image":"","background-repeat":"repeat","background-position":"center center","background-size":"auto","background-attachment":"scroll","background-type":"","background-media":"","overlay-type":"","overlay-color":"","overlay-opacity":"","overlay-gradient":""},"tablet":{"background-color":"","background-image":"","background-repeat":"repeat","background-position":"center center","background-size":"auto","background-attachment":"scroll","background-type":"","background-media":"","overlay-type":"","overlay-color":"","overlay-opacity":"","overlay-gradient":""},"mobile":{"background-color":"","background-image":"","background-repeat":"repeat","background-position":"center center","background-size":"auto","background-attachment":"scroll","background-type":"","background-media":"","overlay-type":"","overlay-color":"","overlay-opacity":"","overlay-gradient":""}},"ast-content-background-meta":{"desktop":{"background-color":"var(--ast-global-color-5)","background-image":"","background-repeat":"repeat","background-position":"center center","background-size":"auto","background-attachment":"scroll","background-type":"","background-media":"","overlay-type":"","overlay-color":"","overlay-opacity":"","overlay-gradient":""},"tablet":{"background-color":"var(--ast-global-color-5)","background-image":"","background-repeat":"repeat","background-position":"center center","background-size":"auto","background-attachment":"scroll","background-type":"","background-media":"","overlay-type":"","overlay-color":"","overlay-opacity":"","overlay-gradient":""},"mobile":{"background-color":"var(--ast-global-color-5)","background-image":"","background-repeat":"repeat","background-position":"center center","background-size":"auto","background-attachment":"scroll","background-type":"","background-media":"","overlay-type":"","overlay-color":"","overlay-opacity":"","overlay-gradient":""}},"iawp_total_views":2,"footnotes":""},"categories":[22],"tags":[],"class_list":["post-2880","post","type-post","status-publish","format-standard","has-post-thumbnail","hentry","category-pratique"],"yoast_head":"<!-- This site is optimized with the Yoast SEO plugin v27.3 - https:\/\/yoast.com\/product\/yoast-seo-wordpress\/ -->\n<title>Les \u00e9quipements de protection individuelle : b\u00e9n\u00e9diction ou mal\u00e9diction ? - SecuDura<\/title>\n<meta name=\"description\" content=\"Les \u00e9quipements de protection individuelle sont-ils une b\u00e9n\u00e9diction ou une mal\u00e9diction ? Et comment les responsables HSE peuvent-ils mieux travailler avec les professionnels ?\" \/>\n<meta name=\"robots\" content=\"index, follow, max-snippet:-1, max-image-preview:large, max-video-preview:-1\" \/>\n<link rel=\"canonical\" href=\"https:\/\/secudura.com\/fr\/blog\/tout-ce-que-vous-voyez-dans-ik-vertrek-est-vrai\/\" \/>\n<meta property=\"og:locale\" content=\"fr_FR\" \/>\n<meta property=\"og:type\" content=\"article\" \/>\n<meta property=\"og:title\" content=\"Les \u00e9quipements de protection individuelle : b\u00e9n\u00e9diction ou mal\u00e9diction ? - SecuDura\" \/>\n<meta property=\"og:description\" content=\"Les \u00e9quipements de protection individuelle sont-ils une b\u00e9n\u00e9diction ou une mal\u00e9diction ? Et comment les responsables HSE peuvent-ils mieux travailler avec les professionnels ?\" \/>\n<meta property=\"og:url\" content=\"https:\/\/secudura.com\/fr\/blog\/tout-ce-que-vous-voyez-dans-ik-vertrek-est-vrai\/\" \/>\n<meta property=\"og:site_name\" content=\"SecuDura\" \/>\n<meta property=\"article:published_time\" content=\"2026-04-07T14:40:48+00:00\" \/>\n<meta property=\"article:modified_time\" content=\"2026-04-07T14:41:08+00:00\" \/>\n<meta property=\"og:image\" content=\"https:\/\/secudura.com\/wp-content\/uploads\/2026\/04\/20231206_104427-1536x1152-1.webp\" \/>\n\t<meta property=\"og:image:width\" content=\"1000\" \/>\n\t<meta property=\"og:image:height\" content=\"750\" \/>\n\t<meta property=\"og:image:type\" content=\"image\/webp\" \/>\n<meta name=\"author\" content=\"Joop Salomons\" \/>\n<meta name=\"twitter:card\" content=\"summary_large_image\" \/>\n<meta name=\"twitter:label1\" content=\"\u00c9crit par\" \/>\n\t<meta name=\"twitter:data1\" content=\"Joop Salomons\" \/>\n\t<meta name=\"twitter:label2\" content=\"Dur\u00e9e de lecture estim\u00e9e\" \/>\n\t<meta name=\"twitter:data2\" content=\"5 minutes\" \/>\n<script type=\"application\/ld+json\" class=\"yoast-schema-graph\">{\"@context\":\"https:\\\/\\\/schema.org\",\"@graph\":[{\"@type\":\"Article\",\"@id\":\"https:\\\/\\\/secudura.com\\\/fr\\\/blog\\\/tout-ce-que-vous-voyez-dans-ik-vertrek-est-vrai\\\/#article\",\"isPartOf\":{\"@id\":\"https:\\\/\\\/secudura.com\\\/fr\\\/blog\\\/tout-ce-que-vous-voyez-dans-ik-vertrek-est-vrai\\\/\"},\"author\":{\"name\":\"Joop Salomons\",\"@id\":\"https:\\\/\\\/secudura.com\\\/fr\\\/#\\\/schema\\\/person\\\/234e9b4cb1feaf8ed4a9f275ac080500\"},\"headline\":\"Les \u00e9quipements de protection individuelle : b\u00e9n\u00e9diction ou mal\u00e9diction ?\",\"datePublished\":\"2026-04-07T14:40:48+00:00\",\"dateModified\":\"2026-04-07T14:41:08+00:00\",\"mainEntityOfPage\":{\"@id\":\"https:\\\/\\\/secudura.com\\\/fr\\\/blog\\\/tout-ce-que-vous-voyez-dans-ik-vertrek-est-vrai\\\/\"},\"wordCount\":1083,\"publisher\":{\"@id\":\"https:\\\/\\\/secudura.com\\\/fr\\\/#organization\"},\"image\":{\"@id\":\"https:\\\/\\\/secudura.com\\\/fr\\\/blog\\\/tout-ce-que-vous-voyez-dans-ik-vertrek-est-vrai\\\/#primaryimage\"},\"thumbnailUrl\":\"https:\\\/\\\/secudura.com\\\/wp-content\\\/uploads\\\/2026\\\/04\\\/20231206_104427-1536x1152-1.webp\",\"articleSection\":[\"Pratique\"],\"inLanguage\":\"fr-FR\"},{\"@type\":\"WebPage\",\"@id\":\"https:\\\/\\\/secudura.com\\\/fr\\\/blog\\\/tout-ce-que-vous-voyez-dans-ik-vertrek-est-vrai\\\/\",\"url\":\"https:\\\/\\\/secudura.com\\\/fr\\\/blog\\\/tout-ce-que-vous-voyez-dans-ik-vertrek-est-vrai\\\/\",\"name\":\"Les \u00e9quipements de protection individuelle : b\u00e9n\u00e9diction ou mal\u00e9diction ? - SecuDura\",\"isPartOf\":{\"@id\":\"https:\\\/\\\/secudura.com\\\/fr\\\/#website\"},\"primaryImageOfPage\":{\"@id\":\"https:\\\/\\\/secudura.com\\\/fr\\\/blog\\\/tout-ce-que-vous-voyez-dans-ik-vertrek-est-vrai\\\/#primaryimage\"},\"image\":{\"@id\":\"https:\\\/\\\/secudura.com\\\/fr\\\/blog\\\/tout-ce-que-vous-voyez-dans-ik-vertrek-est-vrai\\\/#primaryimage\"},\"thumbnailUrl\":\"https:\\\/\\\/secudura.com\\\/wp-content\\\/uploads\\\/2026\\\/04\\\/20231206_104427-1536x1152-1.webp\",\"datePublished\":\"2026-04-07T14:40:48+00:00\",\"dateModified\":\"2026-04-07T14:41:08+00:00\",\"description\":\"Les \u00e9quipements de protection individuelle sont-ils une b\u00e9n\u00e9diction ou une mal\u00e9diction ? Et comment les responsables HSE peuvent-ils mieux travailler avec les professionnels ?\",\"breadcrumb\":{\"@id\":\"https:\\\/\\\/secudura.com\\\/fr\\\/blog\\\/tout-ce-que-vous-voyez-dans-ik-vertrek-est-vrai\\\/#breadcrumb\"},\"inLanguage\":\"fr-FR\",\"potentialAction\":[{\"@type\":\"ReadAction\",\"target\":[\"https:\\\/\\\/secudura.com\\\/fr\\\/blog\\\/tout-ce-que-vous-voyez-dans-ik-vertrek-est-vrai\\\/\"]}]},{\"@type\":\"ImageObject\",\"inLanguage\":\"fr-FR\",\"@id\":\"https:\\\/\\\/secudura.com\\\/fr\\\/blog\\\/tout-ce-que-vous-voyez-dans-ik-vertrek-est-vrai\\\/#primaryimage\",\"url\":\"https:\\\/\\\/secudura.com\\\/wp-content\\\/uploads\\\/2026\\\/04\\\/20231206_104427-1536x1152-1.webp\",\"contentUrl\":\"https:\\\/\\\/secudura.com\\\/wp-content\\\/uploads\\\/2026\\\/04\\\/20231206_104427-1536x1152-1.webp\",\"width\":1000,\"height\":750,\"caption\":\"Le toit est suspendu au-dessus d'une maison fran\u00e7aise\"},{\"@type\":\"BreadcrumbList\",\"@id\":\"https:\\\/\\\/secudura.com\\\/fr\\\/blog\\\/tout-ce-que-vous-voyez-dans-ik-vertrek-est-vrai\\\/#breadcrumb\",\"itemListElement\":[{\"@type\":\"ListItem\",\"position\":1,\"name\":\"Accueil\",\"item\":\"https:\\\/\\\/secudura.com\\\/fr\\\/\"},{\"@type\":\"ListItem\",\"position\":2,\"name\":\"Les \u00e9quipements de protection individuelle : b\u00e9n\u00e9diction ou mal\u00e9diction ?\"}]},{\"@type\":\"WebSite\",\"@id\":\"https:\\\/\\\/secudura.com\\\/fr\\\/#website\",\"url\":\"https:\\\/\\\/secudura.com\\\/fr\\\/\",\"name\":\"SecuDura\",\"description\":\"Conseils du HSE\",\"publisher\":{\"@id\":\"https:\\\/\\\/secudura.com\\\/fr\\\/#organization\"},\"potentialAction\":[{\"@type\":\"SearchAction\",\"target\":{\"@type\":\"EntryPoint\",\"urlTemplate\":\"https:\\\/\\\/secudura.com\\\/fr\\\/?s={search_term_string}\"},\"query-input\":{\"@type\":\"PropertyValueSpecification\",\"valueRequired\":true,\"valueName\":\"search_term_string\"}}],\"inLanguage\":\"fr-FR\"},{\"@type\":\"Organization\",\"@id\":\"https:\\\/\\\/secudura.com\\\/fr\\\/#organization\",\"name\":\"SecuDura\",\"url\":\"https:\\\/\\\/secudura.com\\\/fr\\\/\",\"logo\":{\"@type\":\"ImageObject\",\"inLanguage\":\"fr-FR\",\"@id\":\"https:\\\/\\\/secudura.com\\\/fr\\\/#\\\/schema\\\/logo\\\/image\\\/\",\"url\":\"https:\\\/\\\/secudura.com\\\/wp-content\\\/uploads\\\/2025\\\/07\\\/Logo-SecuDura_Donkerblauw-oranje-zonder-subtitel.svg\",\"contentUrl\":\"https:\\\/\\\/secudura.com\\\/wp-content\\\/uploads\\\/2025\\\/07\\\/Logo-SecuDura_Donkerblauw-oranje-zonder-subtitel.svg\",\"caption\":\"SecuDura\"},\"image\":{\"@id\":\"https:\\\/\\\/secudura.com\\\/fr\\\/#\\\/schema\\\/logo\\\/image\\\/\"}},{\"@type\":\"Person\",\"@id\":\"https:\\\/\\\/secudura.com\\\/fr\\\/#\\\/schema\\\/person\\\/234e9b4cb1feaf8ed4a9f275ac080500\",\"name\":\"Joop Salomons\",\"image\":{\"@type\":\"ImageObject\",\"inLanguage\":\"fr-FR\",\"@id\":\"https:\\\/\\\/secudura.com\\\/wp-content\\\/litespeed\\\/avatar\\\/1f0c6a0b95ce9dba54965a6fab9a1f82.jpg?ver=1776869527\",\"url\":\"https:\\\/\\\/secudura.com\\\/wp-content\\\/litespeed\\\/avatar\\\/1f0c6a0b95ce9dba54965a6fab9a1f82.jpg?ver=1776869527\",\"contentUrl\":\"https:\\\/\\\/secudura.com\\\/wp-content\\\/litespeed\\\/avatar\\\/1f0c6a0b95ce9dba54965a6fab9a1f82.jpg?ver=1776869527\",\"caption\":\"Joop Salomons\"},\"url\":\"https:\\\/\\\/secudura.com\\\/fr\\\/blog\\\/author\\\/joop\\\/\"}]}<\/script>\n<!-- \/ Yoast SEO plugin. -->","yoast_head_json":{"title":"Les \u00e9quipements de protection individuelle : b\u00e9n\u00e9diction ou mal\u00e9diction ? - SecuDura","description":"Les \u00e9quipements de protection individuelle sont-ils une b\u00e9n\u00e9diction ou une mal\u00e9diction ? Et comment les responsables HSE peuvent-ils mieux travailler avec les professionnels ?","robots":{"index":"index","follow":"follow","max-snippet":"max-snippet:-1","max-image-preview":"max-image-preview:large","max-video-preview":"max-video-preview:-1"},"canonical":"https:\/\/secudura.com\/fr\/blog\/tout-ce-que-vous-voyez-dans-ik-vertrek-est-vrai\/","og_locale":"fr_FR","og_type":"article","og_title":"Les \u00e9quipements de protection individuelle : b\u00e9n\u00e9diction ou mal\u00e9diction ? - SecuDura","og_description":"Les \u00e9quipements de protection individuelle sont-ils une b\u00e9n\u00e9diction ou une mal\u00e9diction ? Et comment les responsables HSE peuvent-ils mieux travailler avec les professionnels ?","og_url":"https:\/\/secudura.com\/fr\/blog\/tout-ce-que-vous-voyez-dans-ik-vertrek-est-vrai\/","og_site_name":"SecuDura","article_published_time":"2026-04-07T14:40:48+00:00","article_modified_time":"2026-04-07T14:41:08+00:00","og_image":[{"width":1000,"height":750,"url":"https:\/\/secudura.com\/wp-content\/uploads\/2026\/04\/20231206_104427-1536x1152-1.webp","type":"image\/webp"}],"author":"Joop Salomons","twitter_card":"summary_large_image","twitter_misc":{"\u00c9crit par":"Joop Salomons","Dur\u00e9e de lecture estim\u00e9e":"5 minutes"},"schema":{"@context":"https:\/\/schema.org","@graph":[{"@type":"Article","@id":"https:\/\/secudura.com\/fr\/blog\/tout-ce-que-vous-voyez-dans-ik-vertrek-est-vrai\/#article","isPartOf":{"@id":"https:\/\/secudura.com\/fr\/blog\/tout-ce-que-vous-voyez-dans-ik-vertrek-est-vrai\/"},"author":{"name":"Joop Salomons","@id":"https:\/\/secudura.com\/fr\/#\/schema\/person\/234e9b4cb1feaf8ed4a9f275ac080500"},"headline":"Les \u00e9quipements de protection individuelle : b\u00e9n\u00e9diction ou mal\u00e9diction ?","datePublished":"2026-04-07T14:40:48+00:00","dateModified":"2026-04-07T14:41:08+00:00","mainEntityOfPage":{"@id":"https:\/\/secudura.com\/fr\/blog\/tout-ce-que-vous-voyez-dans-ik-vertrek-est-vrai\/"},"wordCount":1083,"publisher":{"@id":"https:\/\/secudura.com\/fr\/#organization"},"image":{"@id":"https:\/\/secudura.com\/fr\/blog\/tout-ce-que-vous-voyez-dans-ik-vertrek-est-vrai\/#primaryimage"},"thumbnailUrl":"https:\/\/secudura.com\/wp-content\/uploads\/2026\/04\/20231206_104427-1536x1152-1.webp","articleSection":["Pratique"],"inLanguage":"fr-FR"},{"@type":"WebPage","@id":"https:\/\/secudura.com\/fr\/blog\/tout-ce-que-vous-voyez-dans-ik-vertrek-est-vrai\/","url":"https:\/\/secudura.com\/fr\/blog\/tout-ce-que-vous-voyez-dans-ik-vertrek-est-vrai\/","name":"Les \u00e9quipements de protection individuelle : b\u00e9n\u00e9diction ou mal\u00e9diction ? - SecuDura","isPartOf":{"@id":"https:\/\/secudura.com\/fr\/#website"},"primaryImageOfPage":{"@id":"https:\/\/secudura.com\/fr\/blog\/tout-ce-que-vous-voyez-dans-ik-vertrek-est-vrai\/#primaryimage"},"image":{"@id":"https:\/\/secudura.com\/fr\/blog\/tout-ce-que-vous-voyez-dans-ik-vertrek-est-vrai\/#primaryimage"},"thumbnailUrl":"https:\/\/secudura.com\/wp-content\/uploads\/2026\/04\/20231206_104427-1536x1152-1.webp","datePublished":"2026-04-07T14:40:48+00:00","dateModified":"2026-04-07T14:41:08+00:00","description":"Les \u00e9quipements de protection individuelle sont-ils une b\u00e9n\u00e9diction ou une mal\u00e9diction ? Et comment les responsables HSE peuvent-ils mieux travailler avec les professionnels ?","breadcrumb":{"@id":"https:\/\/secudura.com\/fr\/blog\/tout-ce-que-vous-voyez-dans-ik-vertrek-est-vrai\/#breadcrumb"},"inLanguage":"fr-FR","potentialAction":[{"@type":"ReadAction","target":["https:\/\/secudura.com\/fr\/blog\/tout-ce-que-vous-voyez-dans-ik-vertrek-est-vrai\/"]}]},{"@type":"ImageObject","inLanguage":"fr-FR","@id":"https:\/\/secudura.com\/fr\/blog\/tout-ce-que-vous-voyez-dans-ik-vertrek-est-vrai\/#primaryimage","url":"https:\/\/secudura.com\/wp-content\/uploads\/2026\/04\/20231206_104427-1536x1152-1.webp","contentUrl":"https:\/\/secudura.com\/wp-content\/uploads\/2026\/04\/20231206_104427-1536x1152-1.webp","width":1000,"height":750,"caption":"Le toit est suspendu au-dessus d'une maison fran\u00e7aise"},{"@type":"BreadcrumbList","@id":"https:\/\/secudura.com\/fr\/blog\/tout-ce-que-vous-voyez-dans-ik-vertrek-est-vrai\/#breadcrumb","itemListElement":[{"@type":"ListItem","position":1,"name":"Accueil","item":"https:\/\/secudura.com\/fr\/"},{"@type":"ListItem","position":2,"name":"Les \u00e9quipements de protection individuelle : b\u00e9n\u00e9diction ou mal\u00e9diction ?"}]},{"@type":"WebSite","@id":"https:\/\/secudura.com\/fr\/#website","url":"https:\/\/secudura.com\/fr\/","name":"SecuDura","description":"Conseils du HSE","publisher":{"@id":"https:\/\/secudura.com\/fr\/#organization"},"potentialAction":[{"@type":"SearchAction","target":{"@type":"EntryPoint","urlTemplate":"https:\/\/secudura.com\/fr\/?s={search_term_string}"},"query-input":{"@type":"PropertyValueSpecification","valueRequired":true,"valueName":"search_term_string"}}],"inLanguage":"fr-FR"},{"@type":"Organization","@id":"https:\/\/secudura.com\/fr\/#organization","name":"SecuDura","url":"https:\/\/secudura.com\/fr\/","logo":{"@type":"ImageObject","inLanguage":"fr-FR","@id":"https:\/\/secudura.com\/fr\/#\/schema\/logo\/image\/","url":"https:\/\/secudura.com\/wp-content\/uploads\/2025\/07\/Logo-SecuDura_Donkerblauw-oranje-zonder-subtitel.svg","contentUrl":"https:\/\/secudura.com\/wp-content\/uploads\/2025\/07\/Logo-SecuDura_Donkerblauw-oranje-zonder-subtitel.svg","caption":"SecuDura"},"image":{"@id":"https:\/\/secudura.com\/fr\/#\/schema\/logo\/image\/"}},{"@type":"Person","@id":"https:\/\/secudura.com\/fr\/#\/schema\/person\/234e9b4cb1feaf8ed4a9f275ac080500","name":"Joop Salomons","image":{"@type":"ImageObject","inLanguage":"fr-FR","@id":"https:\/\/secudura.com\/wp-content\/litespeed\/avatar\/1f0c6a0b95ce9dba54965a6fab9a1f82.jpg?ver=1776869527","url":"https:\/\/secudura.com\/wp-content\/litespeed\/avatar\/1f0c6a0b95ce9dba54965a6fab9a1f82.jpg?ver=1776869527","contentUrl":"https:\/\/secudura.com\/wp-content\/litespeed\/avatar\/1f0c6a0b95ce9dba54965a6fab9a1f82.jpg?ver=1776869527","caption":"Joop Salomons"},"url":"https:\/\/secudura.com\/fr\/blog\/author\/joop\/"}]}},"spectra_custom_meta":{"_pingme":["1"],"_encloseme":["1"],"_yoast_wpseo_primary_category":["18"],"ast-main-header-display":[""],"ast-hfb-above-header-display":[""],"ast-hfb-below-header-display":[""],"ast-hfb-mobile-header-display":[""],"adv-header-id-meta":[""],"footer-sml-layout":[""],"stick-header-meta":[""],"header-main-stick-meta":[""],"header-above-stick-meta":[""],"header-below-stick-meta":[""],"site-post-title":[""],"site-sidebar-layout":["default"],"site-content-layout":[""],"ast-featured-img":[""],"ast-breadcrumbs-content":[""],"theme-transparent-header-meta":[""],"ast-banner-title-visibility":[""],"ast-global-header-display":[""],"ast-site-content-layout":["default"],"site-content-style":["default"],"site-sidebar-style":["default"],"_top_nav_excluded":[""],"_cms_nav_minihome":[""],"_thumbnail_id":["2890"],"_last_translation_edit_mode":["translation-editor"],"_wpml_word_count":["994"],"cmplz_hide_cookiebanner":[""],"astra_style_timestamp_css":["1775621398"],"iawp_total_views":["2"],"_cmplz_scanned_post":["1"],"_dp_original":["2734"],"_yoast_wpseo_metadesc":["Les \u00e9quipements de protection individuelle sont-ils une b\u00e9n\u00e9diction ou une mal\u00e9diction ? Et comment les responsables HSE peuvent-ils mieux travailler avec les professionnels ?"],"_yoast_wpseo_focuskw":["\u00c9quipements de protection individuelle"],"_uag_css_file_name":["uag-css-2880.css"]},"uagb_featured_image_src":{"full":["https:\/\/secudura.com\/wp-content\/uploads\/2026\/04\/20231206_104427-1536x1152-1.webp",1000,750,false],"thumbnail":["https:\/\/secudura.com\/wp-content\/uploads\/2026\/04\/20231206_104427-1536x1152-1-150x150.webp",150,150,true],"medium":["https:\/\/secudura.com\/wp-content\/uploads\/2026\/04\/20231206_104427-1536x1152-1-300x225.webp",300,225,true],"medium_large":["https:\/\/secudura.com\/wp-content\/uploads\/2026\/04\/20231206_104427-1536x1152-1-768x576.webp",768,576,true],"large":["https:\/\/secudura.com\/wp-content\/uploads\/2026\/04\/20231206_104427-1536x1152-1.webp",1000,750,false],"1536x1536":["https:\/\/secudura.com\/wp-content\/uploads\/2026\/04\/20231206_104427-1536x1152-1.webp",1000,750,false],"2048x2048":["https:\/\/secudura.com\/wp-content\/uploads\/2026\/04\/20231206_104427-1536x1152-1.webp",1000,750,false],"gform-image-choice-sm":["https:\/\/secudura.com\/wp-content\/uploads\/2026\/04\/20231206_104427-1536x1152-1.webp",300,225,false],"gform-image-choice-md":["https:\/\/secudura.com\/wp-content\/uploads\/2026\/04\/20231206_104427-1536x1152-1.webp",400,300,false],"gform-image-choice-lg":["https:\/\/secudura.com\/wp-content\/uploads\/2026\/04\/20231206_104427-1536x1152-1.webp",600,450,false]},"uagb_author_info":{"display_name":"Joop Salomons","author_link":"https:\/\/secudura.com\/fr\/blog\/author\/joop\/"},"uagb_comment_info":0,"uagb_excerpt":"Commen\u00e7ons par le d\u00e9but: Nous avons d\u00e9couvert qu&rsquo;avec des gants, des protections, un harnais, un masque, des chaussures de s\u00e9curit\u00e9 et diverses exigences en mati\u00e8re de v\u00eatements, le travail est plus s\u00fbr. Je reconnais que ce n&rsquo;est souvent pas le cas. Je d\u00e9teste les gants et ne les utilise que lorsqu&rsquo;il n&rsquo;y a vraiment pas\u2026","_links":{"self":[{"href":"https:\/\/secudura.com\/fr\/wp-json\/wp\/v2\/posts\/2880","targetHints":{"allow":["GET"]}}],"collection":[{"href":"https:\/\/secudura.com\/fr\/wp-json\/wp\/v2\/posts"}],"about":[{"href":"https:\/\/secudura.com\/fr\/wp-json\/wp\/v2\/types\/post"}],"author":[{"embeddable":true,"href":"https:\/\/secudura.com\/fr\/wp-json\/wp\/v2\/users\/3"}],"replies":[{"embeddable":true,"href":"https:\/\/secudura.com\/fr\/wp-json\/wp\/v2\/comments?post=2880"}],"version-history":[{"count":3,"href":"https:\/\/secudura.com\/fr\/wp-json\/wp\/v2\/posts\/2880\/revisions"}],"predecessor-version":[{"id":2904,"href":"https:\/\/secudura.com\/fr\/wp-json\/wp\/v2\/posts\/2880\/revisions\/2904"}],"wp:featuredmedia":[{"embeddable":true,"href":"https:\/\/secudura.com\/fr\/wp-json\/wp\/v2\/media\/2890"}],"wp:attachment":[{"href":"https:\/\/secudura.com\/fr\/wp-json\/wp\/v2\/media?parent=2880"}],"wp:term":[{"taxonomy":"category","embeddable":true,"href":"https:\/\/secudura.com\/fr\/wp-json\/wp\/v2\/categories?post=2880"},{"taxonomy":"post_tag","embeddable":true,"href":"https:\/\/secudura.com\/fr\/wp-json\/wp\/v2\/tags?post=2880"}],"curies":[{"name":"wp","href":"https:\/\/api.w.org\/{rel}","templated":true}]}}